{"id":119,"date":"2019-03-01T15:15:10","date_gmt":"2019-03-01T15:15:10","guid":{"rendered":"https:\/\/presencedigitalepourtous.com\/blog\/?p=119"},"modified":"2019-03-01T15:18:21","modified_gmt":"2019-03-01T15:18:21","slug":"les-visuels-vont-de-pair-avec-les-medias-sociaux-comme-le-beurre-et-le-pain","status":"publish","type":"post","link":"https:\/\/presencedigitalepourtous.com\/blog\/2019\/03\/01\/les-visuels-vont-de-pair-avec-les-medias-sociaux-comme-le-beurre-et-le-pain\/","title":{"rendered":"Les visuels vont de pair avec les m\u00e9dias sociaux comme le beurre et le pain"},"content":{"rendered":"\n<p><b>Les visuels vont de pair avec les m\u00e9dias sociaux comme le beurre et le pain.\u00a0\ud83d\ude42<\/b><\/p>\n\n\n\n<p>En fait, les images sont consid\u00e9r\u00e9es comme la tactique la plus cruciale que vous pouvez utiliser pour optimiser votre contenu sur les m\u00e9dias sociaux.<\/p>\n\n\n\n<p><strong>Il a \u00e9galement \u00e9t\u00e9 d\u00e9montr\u00e9 qu&#8217;elles obtiennent plus d&#8217;engagement que le texte seul<\/strong>. Donc, pour commencer \u00e0 avoir un impact significatif sur les m\u00e9dias sociaux, <strong>il est imp\u00e9ratif de commencer \u00e0 publier davantage d&#8217;images sur vos comptes de m\u00e9dias sociaux.<\/strong><br>Maintenant, pas n&#8217;importe quelle image. Publier des photos g\u00e9n\u00e9riques sur vos pages ne va pas vraiment vous aider.<\/p>\n\n\n\n<p>Certaines des photos les plus partag\u00e9es et les plus r\u00e9ussies que vous pouvez poster incluent:<\/p>\n\n\n\n<ul><li><strong> Photos de votre \u00e9quipe<\/strong><\/li><li><strong> Photos de vos clients<\/strong><\/li><li><strong> Photos de vos \u00e9v\u00e9nements<\/strong><\/li><li><strong> Photos de citations<\/strong><\/li><\/ul>\n\n\n\n<p><strong>Ces types de photos ont toutes un point commun. vous les concevez.<\/strong> Vous devez \u00e9galement vous assurer de personnaliser les graphismes avec le nom de votre site Web ou le logo de votre soci\u00e9t\u00e9, afin que votre public puisse facilement remontez jusqu&#8217;\u00e0 vous.<\/p>\n\n\n\n<p><a href=\"https:\/\/presencedigitalepourtous.com\/nos-offres-facebook-pour-business\/\">En souscrivant \u00e0 nos offres<\/a>, nous sommes disponibles \u00e0 vos accompagner dans la r\u00e9alisation de vos visuels pour les m\u00e9dias sociaux. <\/p>\n\n\n\n<p><a href=\"https:\/\/presencedigitalepourtous.com\/blog\/contact\/\">Contactez-nous!<\/a><\/p>\n","protected":false},"excerpt":{"rendered":"<p>Les visuels vont de pair avec les m\u00e9dias sociaux comme le beurre et le pain.\u00a0\ud83d\ude42 En fait, les images sont consid\u00e9r\u00e9es comme la tactique la plus cruciale que vous pouvez utiliser pour optimiser votre contenu sur les m\u00e9dias sociaux. Il a \u00e9galement \u00e9t\u00e9 d\u00e9montr\u00e9 qu&#8217;elles obtiennent plus d&#8217;engagement que le texte seul. Donc, pour commencer [&hellip;]<\/p>\n","protected":false},"author":1,"featured_media":121,"comment_status":"open","ping_status":"open","sticky":false,"template":"","format":"standard","meta":[],"categories":[7,6,5],"tags":[],"yoast_head":"<!-- This site is optimized with the Yoast SEO plugin v15.2.1 - https:\/\/yoast.com\/wordpress\/plugins\/seo\/ -->\n<title>Les visuels vont de pair avec les m\u00e9dias sociaux comme le beurre et le pain - Blog de PresenceDigitalePourTous<\/title>\n<meta name=\"description\" content=\"Les visuels vont de pair avec les m\u00e9dias sociaux. Il est imp\u00e9ratif de commencer \u00e0 publier davantage d&#039;images sur vos comptes de m\u00e9dias sociaux.\" \/>\n<meta name=\"robots\" content=\"index, follow, max-snippet:-1, max-image-preview:large, max-video-preview:-1\" \/>\n<link rel=\"canonical\" href=\"https:\/\/presencedigitalepourtous.com\/blog\/2019\/03\/01\/les-visuels-vont-de-pair-avec-les-medias-sociaux-comme-le-beurre-et-le-pain\/\" \/>\n<meta property=\"og:locale\" content=\"fr_FR\" \/>\n<meta property=\"og:type\" content=\"article\" \/>\n<meta property=\"og:title\" content=\"Les visuels vont de pair avec les m\u00e9dias sociaux comme le beurre et le pain - Blog de PresenceDigitalePourTous\" \/>\n<meta property=\"og:description\" content=\"Les visuels vont de pair avec les m\u00e9dias sociaux. Il est imp\u00e9ratif de commencer \u00e0 publier davantage d&#039;images sur vos comptes de m\u00e9dias sociaux.\" \/>\n<meta property=\"og:url\" content=\"https:\/\/presencedigitalepourtous.com\/blog\/2019\/03\/01\/les-visuels-vont-de-pair-avec-les-medias-sociaux-comme-le-beurre-et-le-pain\/\" \/>\n<meta property=\"og:site_name\" content=\"Blog de PresenceDigitalePourTous\" \/>\n<meta property=\"article:publisher\" content=\"https:\/\/facebook.com\/presencedigitalepourtous\" \/>\n<meta property=\"article:author\" content=\"https:\/\/facebook.com\/presencedigitalepourtous\/\" \/>\n<meta property=\"article:published_time\" content=\"2019-03-01T15:15:10+00:00\" \/>\n<meta property=\"article:modified_time\" content=\"2019-03-01T15:18:21+00:00\" \/>\n<meta property=\"og:image\" content=\"https:\/\/presencedigitalepourtous.com\/blog\/wp-content\/uploads\/2019\/03\/man-coffee-cup-pen-1920x550.jpg\" \/>\n\t<meta property=\"og:image:width\" content=\"1920\" \/>\n\t<meta property=\"og:image:height\" content=\"550\" \/>\n<meta name=\"twitter:card\" content=\"summary_large_image\" \/>\n<meta name=\"twitter:label1\" content=\"\u00c9crit par\">\n\t<meta name=\"twitter:data1\" content=\"Pr\u00e9sence Digitale\">\n\t<meta name=\"twitter:label2\" content=\"Dur\u00e9e de lecture est.\">\n\t<meta name=\"twitter:data2\" content=\"1 minute\">\n<script type=\"application\/ld+json\" class=\"yoast-schema-graph\">{\"@context\":\"https:\/\/schema.org\",\"@graph\":[{\"@type\":\"Organization\",\"@id\":\"https:\/\/presencedigitalepourtous.com\/blog\/#organization\",\"name\":\"Pr\\u00e9sence Digitale Pour Tous\",\"url\":\"https:\/\/presencedigitalepourtous.com\/blog\/\",\"sameAs\":[\"https:\/\/facebook.com\/presencedigitalepourtous\",\"https:\/\/instagram\/presencedigitale\"],\"logo\":{\"@type\":\"ImageObject\",\"@id\":\"https:\/\/presencedigitalepourtous.com\/blog\/#logo\",\"inLanguage\":\"fr-FR\",\"url\":\"https:\/\/presencedigitalepourtous.com\/blog\/wp-content\/uploads\/2019\/02\/LOGOPDFPetit.fw_.png\",\"width\":182,\"height\":80,\"caption\":\"Pr\\u00e9sence Digitale Pour Tous\"},\"image\":{\"@id\":\"https:\/\/presencedigitalepourtous.com\/blog\/#logo\"}},{\"@type\":\"WebSite\",\"@id\":\"https:\/\/presencedigitalepourtous.com\/blog\/#website\",\"url\":\"https:\/\/presencedigitalepourtous.com\/blog\/\",\"name\":\"Blog de PresenceDigitalePourTous\",\"description\":\"Attirer plus de clients et Vendre plus en utilisant le DIGITAL\",\"publisher\":{\"@id\":\"https:\/\/presencedigitalepourtous.com\/blog\/#organization\"},\"potentialAction\":[{\"@type\":\"SearchAction\",\"target\":\"https:\/\/presencedigitalepourtous.com\/blog\/?s={search_term_string}\",\"query-input\":\"required name=search_term_string\"}],\"inLanguage\":\"fr-FR\"},{\"@type\":\"ImageObject\",\"@id\":\"https:\/\/presencedigitalepourtous.com\/blog\/2019\/03\/01\/les-visuels-vont-de-pair-avec-les-medias-sociaux-comme-le-beurre-et-le-pain\/#primaryimage\",\"inLanguage\":\"fr-FR\",\"url\":\"https:\/\/presencedigitalepourtous.com\/blog\/wp-content\/uploads\/2019\/03\/man-coffee-cup-pen-1920x550.jpg\",\"width\":1920,\"height\":550},{\"@type\":\"WebPage\",\"@id\":\"https:\/\/presencedigitalepourtous.com\/blog\/2019\/03\/01\/les-visuels-vont-de-pair-avec-les-medias-sociaux-comme-le-beurre-et-le-pain\/#webpage\",\"url\":\"https:\/\/presencedigitalepourtous.com\/blog\/2019\/03\/01\/les-visuels-vont-de-pair-avec-les-medias-sociaux-comme-le-beurre-et-le-pain\/\",\"name\":\"Les visuels vont de pair avec les m\\u00e9dias sociaux comme le beurre et le pain - Blog de PresenceDigitalePourTous\",\"isPartOf\":{\"@id\":\"https:\/\/presencedigitalepourtous.com\/blog\/#website\"},\"primaryImageOfPage\":{\"@id\":\"https:\/\/presencedigitalepourtous.com\/blog\/2019\/03\/01\/les-visuels-vont-de-pair-avec-les-medias-sociaux-comme-le-beurre-et-le-pain\/#primaryimage\"},\"datePublished\":\"2019-03-01T15:15:10+00:00\",\"dateModified\":\"2019-03-01T15:18:21+00:00\",\"description\":\"Les visuels vont de pair avec les m\\u00e9dias sociaux. Il est imp\\u00e9ratif de commencer \\u00e0 publier davantage d'images sur vos comptes de m\\u00e9dias sociaux.\",\"inLanguage\":\"fr-FR\",\"potentialAction\":[{\"@type\":\"ReadAction\",\"target\":[\"https:\/\/presencedigitalepourtous.com\/blog\/2019\/03\/01\/les-visuels-vont-de-pair-avec-les-medias-sociaux-comme-le-beurre-et-le-pain\/\"]}]},{\"@type\":\"Article\",\"@id\":\"https:\/\/presencedigitalepourtous.com\/blog\/2019\/03\/01\/les-visuels-vont-de-pair-avec-les-medias-sociaux-comme-le-beurre-et-le-pain\/#article\",\"isPartOf\":{\"@id\":\"https:\/\/presencedigitalepourtous.com\/blog\/2019\/03\/01\/les-visuels-vont-de-pair-avec-les-medias-sociaux-comme-le-beurre-et-le-pain\/#webpage\"},\"author\":{\"@id\":\"https:\/\/presencedigitalepourtous.com\/blog\/#\/schema\/person\/a48d1d5fdfd2d85a1acf73a946b2fdbc\"},\"headline\":\"Les visuels vont de pair avec les m\\u00e9dias sociaux comme le beurre et le pain\",\"datePublished\":\"2019-03-01T15:15:10+00:00\",\"dateModified\":\"2019-03-01T15:18:21+00:00\",\"mainEntityOfPage\":{\"@id\":\"https:\/\/presencedigitalepourtous.com\/blog\/2019\/03\/01\/les-visuels-vont-de-pair-avec-les-medias-sociaux-comme-le-beurre-et-le-pain\/#webpage\"},\"commentCount\":0,\"publisher\":{\"@id\":\"https:\/\/presencedigitalepourtous.com\/blog\/#organization\"},\"image\":{\"@id\":\"https:\/\/presencedigitalepourtous.com\/blog\/2019\/03\/01\/les-visuels-vont-de-pair-avec-les-medias-sociaux-comme-le-beurre-et-le-pain\/#primaryimage\"},\"articleSection\":\"Business,Facebook Marketing,News\",\"inLanguage\":\"fr-FR\",\"potentialAction\":[{\"@type\":\"CommentAction\",\"name\":\"Comment\",\"target\":[\"https:\/\/presencedigitalepourtous.com\/blog\/2019\/03\/01\/les-visuels-vont-de-pair-avec-les-medias-sociaux-comme-le-beurre-et-le-pain\/#respond\"]}]},{\"@type\":\"Person\",\"@id\":\"https:\/\/presencedigitalepourtous.com\/blog\/#\/schema\/person\/a48d1d5fdfd2d85a1acf73a946b2fdbc\",\"name\":\"Pr\\u00e9sence Digitale\",\"image\":{\"@type\":\"ImageObject\",\"@id\":\"https:\/\/presencedigitalepourtous.com\/blog\/#personlogo\",\"inLanguage\":\"fr-FR\",\"url\":\"https:\/\/secure.gravatar.com\/avatar\/29e3c9cc1f8b3ba1667a5237e0e19d55?s=96&d=mm&r=g\",\"caption\":\"Pr\\u00e9sence Digitale\"},\"description\":\"Pr\\u00e9sence Digitale pour aider les Entreprises \\u00e0 attirer plus de clients et \\u00e0 vendre plus. - Pr\\u00e9sence Digitale - Web Marketing - e-Mailing - SMS Marketing - Blog - SEO (R\\u00e9f\\u00e9rencement) - etc.\",\"sameAs\":[\"https:\/\/presencedigitalepourtous.com\",\"https:\/\/facebook.com\/presencedigitalepourtous\/\"]}]}<\/script>\n<!-- \/ Yoast SEO plugin. -->","_links":{"self":[{"href":"https:\/\/presencedigitalepourtous.com\/blog\/wp-json\/wp\/v2\/posts\/119"}],"collection":[{"href":"https:\/\/presencedigitalepourtous.com\/blog\/wp-json\/wp\/v2\/posts"}],"about":[{"href":"https:\/\/presencedigitalepourtous.com\/blog\/wp-json\/wp\/v2\/types\/post"}],"author":[{"embeddable":true,"href":"https:\/\/presencedigitalepourtous.com\/blog\/wp-json\/wp\/v2\/users\/1"}],"replies":[{"embeddable":true,"href":"https:\/\/presencedigitalepourtous.com\/blog\/wp-json\/wp\/v2\/comments?post=119"}],"version-history":[{"count":3,"href":"https:\/\/presencedigitalepourtous.com\/blog\/wp-json\/wp\/v2\/posts\/119\/revisions"}],"predecessor-version":[{"id":123,"href":"https:\/\/presencedigitalepourtous.com\/blog\/wp-json\/wp\/v2\/posts\/119\/revisions\/123"}],"wp:featuredmedia":[{"embeddable":true,"href":"https:\/\/presencedigitalepourtous.com\/blog\/wp-json\/wp\/v2\/media\/121"}],"wp:attachment":[{"href":"https:\/\/presencedigitalepourtous.com\/blog\/wp-json\/wp\/v2\/media?parent=119"}],"wp:term":[{"taxonomy":"category","embeddable":true,"href":"https:\/\/presencedigitalepourtous.com\/blog\/wp-json\/wp\/v2\/categories?post=119"},{"taxonomy":"post_tag","embeddable":true,"href":"https:\/\/presencedigitalepourtous.com\/blog\/wp-json\/wp\/v2\/tags?post=119"}],"curies":[{"name":"wp","href":"https:\/\/api.w.org\/{rel}","templated":true}]}}